{"id":363,"date":"2016-10-21T16:58:54","date_gmt":"2016-10-21T15:58:54","guid":{"rendered":"http:\/\/www.digitalbath.fr\/blog\/?p=363"},"modified":"2019-03-05T17:16:59","modified_gmt":"2019-03-05T16:16:59","slug":"photos-denfance-embarrassantes-sur-facebook-une-femmes-poursuit-ses-parents-en-justice","status":"publish","type":"post","link":"https:\/\/www.digitalbath.fr\/blog\/photos-denfance-embarrassantes-sur-facebook-une-femmes-poursuit-ses-parents-en-justice\/","title":{"rendered":"Photos d&rsquo;enfance embarrassantes sur Facebook : une femme poursuit ses parents en justice"},"content":{"rendered":"<p style=\"text-align: justify;\"><a href=\"http:\/\/www.digitalbath.fr\/blog\/wp-content\/uploads\/2016\/10\/porte-plainte-parents-facebook-autriche-tunisie.jpg\"><img loading=\"lazy\" decoding=\"async\" class=\"wp-image-364 size-medium alignleft\" src=\"http:\/\/www.digitalbath.fr\/blog\/wp-content\/uploads\/2016\/10\/porte-plainte-parents-facebook-autriche-tunisie-300x200.jpg\" width=\"300\" height=\"200\" srcset=\"https:\/\/www.digitalbath.fr\/blog\/wp-content\/uploads\/2016\/10\/porte-plainte-parents-facebook-autriche-tunisie-300x200.jpg 300w, https:\/\/www.digitalbath.fr\/blog\/wp-content\/uploads\/2016\/10\/porte-plainte-parents-facebook-autriche-tunisie.jpg 560w\" sizes=\"auto, (max-width: 300px) 100vw, 300px\" \/><\/a>Poster des photos de son enfant sur Facebook, cela ne plait pas \u00e0 tout le monde. Et vous savez qui d&rsquo;autre \u00e7a d\u00e9range ? L&rsquo;enfant en question, 15 ans apr\u00e8s.<\/p>\n<p style=\"text-align: justify;\">C&rsquo;est pour cette raison qu&rsquo;une femme de 18 ans de Carinthia, en Autriche poursuit ses parents en justice pour faire retirer ces photos.<\/p>\n<p style=\"text-align: justify;\">\u00ab\u00a0Il n&rsquo;avaient aucune honte ni limite\u00a0\u00bb, dit-elle \u00e0 &lsquo;The Local&rsquo;, une presse anglaise locale. \u00ab\u00a0Ils se souciaient peu qu&rsquo;il s&rsquo;agisse d&rsquo;une photo de moi assise sur les toilettes ou allong\u00e9e nue dans mon lit, tout \u00e9tait photographi\u00e9 et rendu public\u00a0\u00bb. Cette femme, anonyme, a demand\u00e9 \u00e0 plusieurs reprises \u00e0 ses parents de retirer la bagatelle de presque 500 photos, et ils ont refus\u00e9.<\/p>\n<blockquote><p>\u00ab\u00a0j&rsquo;en ai marre de ne pas \u00eatre prise au s\u00e9rieux\u00a0\u00bb, dit-elle.<\/p><\/blockquote>\n<p style=\"text-align: justify;\">Son avocat Michael Rami pense qu&rsquo;elle peut prouver que ces photos viole sa vie priv\u00e9e.<\/p>\n<p style=\"text-align: justify;\">Certains pays disposent de loi \u00e0 ce sujet. En France, Violer la vie priv\u00e9e de son enfant peut r\u00e9sulter en une peine de prison. L&rsquo;Autriche en revanche ne dispose de rien de similaire, si cette affaire se poursuit eu tribunal, cela pourrait devenir int\u00e9ressant.<\/p>\n<p style=\"text-align: justify;\">Le p\u00e8re de la jeune femme pense qu&rsquo;il a le droit de partager ces photos car il les a prises, ce qui ne semble pas \u00eatre d&rsquo;une logique juridique parfaite mais ne ne sommes pas des experts. La date de comparution est en Novembre, restez \u00e0 l&rsquo;\u00e9coute.<\/p>\n","protected":false},"excerpt":{"rendered":"<p>Poster des photos de son enfant sur Facebook, cela ne plait pas \u00e0 tout le monde. Et vous savez qui d&rsquo;autre \u00e7a d\u00e9range ? L&rsquo;enfant en question, 15 ans apr\u00e8s. C&rsquo;est pour cette raison qu&rsquo;une femme de 18 ans de Carinthia, en Autriche poursuit ses parents en justice pour faire retirer ces photos. \u00ab\u00a0Il n&rsquo;avaient&#x2026; <a class=\"more-link\" href=\"https:\/\/www.digitalbath.fr\/blog\/photos-denfance-embarrassantes-sur-facebook-une-femmes-poursuit-ses-parents-en-justice\/\">Read More<\/a><\/p>\n","protected":false},"author":1,"featured_media":364,"comment_status":"closed","ping_status":"closed","sticky":false,"template":"","format":"standard","meta":{"_monsterinsights_skip_tracking":false,"_monsterinsights_sitenote_active":false,"_monsterinsights_sitenote_note":"","_monsterinsights_sitenote_category":0,"footnotes":""},"categories":[72,11],"tags":[],"class_list":["post-363","post","type-post","status-publish","format-standard","has-post-thumbnail","hentry","category-facebook","category-reseaux-sociaux","has-featured-img"],"yoast_head":"<!-- This site is optimized with the Yoast SEO plugin v27.4 - https:\/\/yoast.com\/product\/yoast-seo-wordpress\/ -->\n<title>Photos d&#039;enfance embarrassantes sur Facebook : une femme poursuit ses parents en justice - Blog officiel Digital Bath - Actualit\u00e9s webmarketing en Tunisie<\/title>\n<meta name=\"robots\" content=\"index, follow, max-snippet:-1, max-image-preview:large, max-video-preview:-1\" \/>\n<link rel=\"canonical\" href=\"https:\/\/www.digitalbath.fr\/blog\/photos-denfance-embarrassantes-sur-facebook-une-femmes-poursuit-ses-parents-en-justice\/\" \/>\n<meta property=\"og:locale\" content=\"fr_FR\" \/>\n<meta property=\"og:type\" content=\"article\" \/>\n<meta property=\"og:title\" content=\"Photos d&#039;enfance embarrassantes sur Facebook : une femme poursuit ses parents en justice - Blog officiel Digital Bath - Actualit\u00e9s webmarketing en Tunisie\" \/>\n<meta property=\"og:description\" content=\"Poster des photos de son enfant sur Facebook, cela ne plait pas \u00e0 tout le monde. Et vous savez qui d&rsquo;autre \u00e7a d\u00e9range ? L&rsquo;enfant en question, 15 ans apr\u00e8s. C&rsquo;est pour cette raison qu&rsquo;une femme de 18 ans de Carinthia, en Autriche poursuit ses parents en justice pour faire retirer ces photos. \u00ab\u00a0Il n&rsquo;avaient&#x2026; Read More\" \/>\n<meta property=\"og:url\" content=\"https:\/\/www.digitalbath.fr\/blog\/photos-denfance-embarrassantes-sur-facebook-une-femmes-poursuit-ses-parents-en-justice\/\" \/>\n<meta property=\"og:site_name\" content=\"Blog officiel Digital Bath - Actualit\u00e9s webmarketing en Tunisie\" \/>\n<meta property=\"article:published_time\" content=\"2016-10-21T15:58:54+00:00\" \/>\n<meta property=\"article:modified_time\" content=\"2019-03-05T16:16:59+00:00\" \/>\n<meta property=\"og:image\" content=\"https:\/\/www.digitalbath.fr\/blog\/wp-content\/uploads\/2016\/10\/porte-plainte-parents-facebook-autriche-tunisie.jpg\" \/>\n\t<meta property=\"og:image:width\" content=\"560\" \/>\n\t<meta property=\"og:image:height\" content=\"374\" \/>\n\t<meta property=\"og:image:type\" content=\"image\/jpeg\" \/>\n<meta name=\"author\" content=\"Digital Bath\" \/>\n<meta name=\"twitter:card\" content=\"summary_large_image\" \/>\n<meta name=\"twitter:label1\" content=\"\u00c9crit par\" \/>\n\t<meta name=\"twitter:data1\" content=\"Digital Bath\" \/>\n\t<meta name=\"twitter:label2\" content=\"Dur\u00e9e de lecture estim\u00e9e\" \/>\n\t<meta name=\"twitter:data2\" content=\"1 minute\" \/>\n<script type=\"application\/ld+json\" class=\"yoast-schema-graph\">{\"@context\":\"https:\\\/\\\/schema.org\",\"@graph\":[{\"@type\":\"Article\",\"@id\":\"https:\\\/\\\/www.digitalbath.fr\\\/blog\\\/photos-denfance-embarrassantes-sur-facebook-une-femmes-poursuit-ses-parents-en-justice\\\/#article\",\"isPartOf\":{\"@id\":\"https:\\\/\\\/www.digitalbath.fr\\\/blog\\\/photos-denfance-embarrassantes-sur-facebook-une-femmes-poursuit-ses-parents-en-justice\\\/\"},\"author\":{\"name\":\"Digital Bath\",\"@id\":\"https:\\\/\\\/www.digitalbath.fr\\\/blog\\\/#\\\/schema\\\/person\\\/3a49715e3c09696962cd0c44dbdf0f4c\"},\"headline\":\"Photos d&rsquo;enfance embarrassantes sur Facebook : une femme poursuit ses parents en justice\",\"datePublished\":\"2016-10-21T15:58:54+00:00\",\"dateModified\":\"2019-03-05T16:16:59+00:00\",\"mainEntityOfPage\":{\"@id\":\"https:\\\/\\\/www.digitalbath.fr\\\/blog\\\/photos-denfance-embarrassantes-sur-facebook-une-femmes-poursuit-ses-parents-en-justice\\\/\"},\"wordCount\":259,\"image\":{\"@id\":\"https:\\\/\\\/www.digitalbath.fr\\\/blog\\\/photos-denfance-embarrassantes-sur-facebook-une-femmes-poursuit-ses-parents-en-justice\\\/#primaryimage\"},\"thumbnailUrl\":\"https:\\\/\\\/www.digitalbath.fr\\\/blog\\\/wp-content\\\/uploads\\\/2016\\\/10\\\/porte-plainte-parents-facebook-autriche-tunisie.jpg\",\"articleSection\":[\"Facebook\",\"R\u00e9seaux sociaux\"],\"inLanguage\":\"fr-FR\"},{\"@type\":\"WebPage\",\"@id\":\"https:\\\/\\\/www.digitalbath.fr\\\/blog\\\/photos-denfance-embarrassantes-sur-facebook-une-femmes-poursuit-ses-parents-en-justice\\\/\",\"url\":\"https:\\\/\\\/www.digitalbath.fr\\\/blog\\\/photos-denfance-embarrassantes-sur-facebook-une-femmes-poursuit-ses-parents-en-justice\\\/\",\"name\":\"Photos d'enfance embarrassantes sur Facebook : une femme poursuit ses parents en justice - Blog officiel Digital Bath - Actualit\u00e9s webmarketing en Tunisie\",\"isPartOf\":{\"@id\":\"https:\\\/\\\/www.digitalbath.fr\\\/blog\\\/#website\"},\"primaryImageOfPage\":{\"@id\":\"https:\\\/\\\/www.digitalbath.fr\\\/blog\\\/photos-denfance-embarrassantes-sur-facebook-une-femmes-poursuit-ses-parents-en-justice\\\/#primaryimage\"},\"image\":{\"@id\":\"https:\\\/\\\/www.digitalbath.fr\\\/blog\\\/photos-denfance-embarrassantes-sur-facebook-une-femmes-poursuit-ses-parents-en-justice\\\/#primaryimage\"},\"thumbnailUrl\":\"https:\\\/\\\/www.digitalbath.fr\\\/blog\\\/wp-content\\\/uploads\\\/2016\\\/10\\\/porte-plainte-parents-facebook-autriche-tunisie.jpg\",\"datePublished\":\"2016-10-21T15:58:54+00:00\",\"dateModified\":\"2019-03-05T16:16:59+00:00\",\"author\":{\"@id\":\"https:\\\/\\\/www.digitalbath.fr\\\/blog\\\/#\\\/schema\\\/person\\\/3a49715e3c09696962cd0c44dbdf0f4c\"},\"breadcrumb\":{\"@id\":\"https:\\\/\\\/www.digitalbath.fr\\\/blog\\\/photos-denfance-embarrassantes-sur-facebook-une-femmes-poursuit-ses-parents-en-justice\\\/#breadcrumb\"},\"inLanguage\":\"fr-FR\",\"potentialAction\":[{\"@type\":\"ReadAction\",\"target\":[\"https:\\\/\\\/www.digitalbath.fr\\\/blog\\\/photos-denfance-embarrassantes-sur-facebook-une-femmes-poursuit-ses-parents-en-justice\\\/\"]}]},{\"@type\":\"ImageObject\",\"inLanguage\":\"fr-FR\",\"@id\":\"https:\\\/\\\/www.digitalbath.fr\\\/blog\\\/photos-denfance-embarrassantes-sur-facebook-une-femmes-poursuit-ses-parents-en-justice\\\/#primaryimage\",\"url\":\"https:\\\/\\\/www.digitalbath.fr\\\/blog\\\/wp-content\\\/uploads\\\/2016\\\/10\\\/porte-plainte-parents-facebook-autriche-tunisie.jpg\",\"contentUrl\":\"https:\\\/\\\/www.digitalbath.fr\\\/blog\\\/wp-content\\\/uploads\\\/2016\\\/10\\\/porte-plainte-parents-facebook-autriche-tunisie.jpg\",\"width\":560,\"height\":374,\"caption\":\"Children's legs hanging down from a chamber-pot on a blue background\"},{\"@type\":\"BreadcrumbList\",\"@id\":\"https:\\\/\\\/www.digitalbath.fr\\\/blog\\\/photos-denfance-embarrassantes-sur-facebook-une-femmes-poursuit-ses-parents-en-justice\\\/#breadcrumb\",\"itemListElement\":[{\"@type\":\"ListItem\",\"position\":1,\"name\":\"Accueil\",\"item\":\"https:\\\/\\\/www.digitalbath.fr\\\/blog\\\/\"},{\"@type\":\"ListItem\",\"position\":2,\"name\":\"Photos d&rsquo;enfance embarrassantes sur Facebook : une femme poursuit ses parents en justice\"}]},{\"@type\":\"WebSite\",\"@id\":\"https:\\\/\\\/www.digitalbath.fr\\\/blog\\\/#website\",\"url\":\"https:\\\/\\\/www.digitalbath.fr\\\/blog\\\/\",\"name\":\"Blog officiel Digital Bath - Actualit\u00e9s webmarketing en Tunisie\",\"description\":\"Digital Touch\",\"potentialAction\":[{\"@type\":\"SearchAction\",\"target\":{\"@type\":\"EntryPoint\",\"urlTemplate\":\"https:\\\/\\\/www.digitalbath.fr\\\/blog\\\/?s={search_term_string}\"},\"query-input\":{\"@type\":\"PropertyValueSpecification\",\"valueRequired\":true,\"valueName\":\"search_term_string\"}}],\"inLanguage\":\"fr-FR\"},{\"@type\":\"Person\",\"@id\":\"https:\\\/\\\/www.digitalbath.fr\\\/blog\\\/#\\\/schema\\\/person\\\/3a49715e3c09696962cd0c44dbdf0f4c\",\"name\":\"Digital Bath\",\"image\":{\"@type\":\"ImageObject\",\"inLanguage\":\"fr-FR\",\"@id\":\"https:\\\/\\\/secure.gravatar.com\\\/avatar\\\/16a90bc7d902de32b5e187210e3483f28fc009e6655eed5bdb0e0561828c21ef?s=96&d=mm&r=g\",\"url\":\"https:\\\/\\\/secure.gravatar.com\\\/avatar\\\/16a90bc7d902de32b5e187210e3483f28fc009e6655eed5bdb0e0561828c21ef?s=96&d=mm&r=g\",\"contentUrl\":\"https:\\\/\\\/secure.gravatar.com\\\/avatar\\\/16a90bc7d902de32b5e187210e3483f28fc009e6655eed5bdb0e0561828c21ef?s=96&d=mm&r=g\",\"caption\":\"Digital Bath\"},\"url\":\"https:\\\/\\\/www.digitalbath.fr\\\/blog\\\/author\\\/adminms\\\/\"}]}<\/script>\n<!-- \/ Yoast SEO plugin. -->","yoast_head_json":{"title":"Photos d'enfance embarrassantes sur Facebook : une femme poursuit ses parents en justice - Blog officiel Digital Bath - Actualit\u00e9s webmarketing en Tunisie","robots":{"index":"index","follow":"follow","max-snippet":"max-snippet:-1","max-image-preview":"max-image-preview:large","max-video-preview":"max-video-preview:-1"},"canonical":"https:\/\/www.digitalbath.fr\/blog\/photos-denfance-embarrassantes-sur-facebook-une-femmes-poursuit-ses-parents-en-justice\/","og_locale":"fr_FR","og_type":"article","og_title":"Photos d'enfance embarrassantes sur Facebook : une femme poursuit ses parents en justice - Blog officiel Digital Bath - Actualit\u00e9s webmarketing en Tunisie","og_description":"Poster des photos de son enfant sur Facebook, cela ne plait pas \u00e0 tout le monde. Et vous savez qui d&rsquo;autre \u00e7a d\u00e9range ? L&rsquo;enfant en question, 15 ans apr\u00e8s. C&rsquo;est pour cette raison qu&rsquo;une femme de 18 ans de Carinthia, en Autriche poursuit ses parents en justice pour faire retirer ces photos. \u00ab\u00a0Il n&rsquo;avaient&#x2026; Read More","og_url":"https:\/\/www.digitalbath.fr\/blog\/photos-denfance-embarrassantes-sur-facebook-une-femmes-poursuit-ses-parents-en-justice\/","og_site_name":"Blog officiel Digital Bath - Actualit\u00e9s webmarketing en Tunisie","article_published_time":"2016-10-21T15:58:54+00:00","article_modified_time":"2019-03-05T16:16:59+00:00","og_image":[{"width":560,"height":374,"url":"https:\/\/www.digitalbath.fr\/blog\/wp-content\/uploads\/2016\/10\/porte-plainte-parents-facebook-autriche-tunisie.jpg","type":"image\/jpeg"}],"author":"Digital Bath","twitter_card":"summary_large_image","twitter_misc":{"\u00c9crit par":"Digital Bath","Dur\u00e9e de lecture estim\u00e9e":"1 minute"},"schema":{"@context":"https:\/\/schema.org","@graph":[{"@type":"Article","@id":"https:\/\/www.digitalbath.fr\/blog\/photos-denfance-embarrassantes-sur-facebook-une-femmes-poursuit-ses-parents-en-justice\/#article","isPartOf":{"@id":"https:\/\/www.digitalbath.fr\/blog\/photos-denfance-embarrassantes-sur-facebook-une-femmes-poursuit-ses-parents-en-justice\/"},"author":{"name":"Digital Bath","@id":"https:\/\/www.digitalbath.fr\/blog\/#\/schema\/person\/3a49715e3c09696962cd0c44dbdf0f4c"},"headline":"Photos d&rsquo;enfance embarrassantes sur Facebook : une femme poursuit ses parents en justice","datePublished":"2016-10-21T15:58:54+00:00","dateModified":"2019-03-05T16:16:59+00:00","mainEntityOfPage":{"@id":"https:\/\/www.digitalbath.fr\/blog\/photos-denfance-embarrassantes-sur-facebook-une-femmes-poursuit-ses-parents-en-justice\/"},"wordCount":259,"image":{"@id":"https:\/\/www.digitalbath.fr\/blog\/photos-denfance-embarrassantes-sur-facebook-une-femmes-poursuit-ses-parents-en-justice\/#primaryimage"},"thumbnailUrl":"https:\/\/www.digitalbath.fr\/blog\/wp-content\/uploads\/2016\/10\/porte-plainte-parents-facebook-autriche-tunisie.jpg","articleSection":["Facebook","R\u00e9seaux sociaux"],"inLanguage":"fr-FR"},{"@type":"WebPage","@id":"https:\/\/www.digitalbath.fr\/blog\/photos-denfance-embarrassantes-sur-facebook-une-femmes-poursuit-ses-parents-en-justice\/","url":"https:\/\/www.digitalbath.fr\/blog\/photos-denfance-embarrassantes-sur-facebook-une-femmes-poursuit-ses-parents-en-justice\/","name":"Photos d'enfance embarrassantes sur Facebook : une femme poursuit ses parents en justice - Blog officiel Digital Bath - Actualit\u00e9s webmarketing en Tunisie","isPartOf":{"@id":"https:\/\/www.digitalbath.fr\/blog\/#website"},"primaryImageOfPage":{"@id":"https:\/\/www.digitalbath.fr\/blog\/photos-denfance-embarrassantes-sur-facebook-une-femmes-poursuit-ses-parents-en-justice\/#primaryimage"},"image":{"@id":"https:\/\/www.digitalbath.fr\/blog\/photos-denfance-embarrassantes-sur-facebook-une-femmes-poursuit-ses-parents-en-justice\/#primaryimage"},"thumbnailUrl":"https:\/\/www.digitalbath.fr\/blog\/wp-content\/uploads\/2016\/10\/porte-plainte-parents-facebook-autriche-tunisie.jpg","datePublished":"2016-10-21T15:58:54+00:00","dateModified":"2019-03-05T16:16:59+00:00","author":{"@id":"https:\/\/www.digitalbath.fr\/blog\/#\/schema\/person\/3a49715e3c09696962cd0c44dbdf0f4c"},"breadcrumb":{"@id":"https:\/\/www.digitalbath.fr\/blog\/photos-denfance-embarrassantes-sur-facebook-une-femmes-poursuit-ses-parents-en-justice\/#breadcrumb"},"inLanguage":"fr-FR","potentialAction":[{"@type":"ReadAction","target":["https:\/\/www.digitalbath.fr\/blog\/photos-denfance-embarrassantes-sur-facebook-une-femmes-poursuit-ses-parents-en-justice\/"]}]},{"@type":"ImageObject","inLanguage":"fr-FR","@id":"https:\/\/www.digitalbath.fr\/blog\/photos-denfance-embarrassantes-sur-facebook-une-femmes-poursuit-ses-parents-en-justice\/#primaryimage","url":"https:\/\/www.digitalbath.fr\/blog\/wp-content\/uploads\/2016\/10\/porte-plainte-parents-facebook-autriche-tunisie.jpg","contentUrl":"https:\/\/www.digitalbath.fr\/blog\/wp-content\/uploads\/2016\/10\/porte-plainte-parents-facebook-autriche-tunisie.jpg","width":560,"height":374,"caption":"Children's legs hanging down from a chamber-pot on a blue background"},{"@type":"BreadcrumbList","@id":"https:\/\/www.digitalbath.fr\/blog\/photos-denfance-embarrassantes-sur-facebook-une-femmes-poursuit-ses-parents-en-justice\/#breadcrumb","itemListElement":[{"@type":"ListItem","position":1,"name":"Accueil","item":"https:\/\/www.digitalbath.fr\/blog\/"},{"@type":"ListItem","position":2,"name":"Photos d&rsquo;enfance embarrassantes sur Facebook : une femme poursuit ses parents en justice"}]},{"@type":"WebSite","@id":"https:\/\/www.digitalbath.fr\/blog\/#website","url":"https:\/\/www.digitalbath.fr\/blog\/","name":"Blog officiel Digital Bath - Actualit\u00e9s webmarketing en Tunisie","description":"Digital Touch","potentialAction":[{"@type":"SearchAction","target":{"@type":"EntryPoint","urlTemplate":"https:\/\/www.digitalbath.fr\/blog\/?s={search_term_string}"},"query-input":{"@type":"PropertyValueSpecification","valueRequired":true,"valueName":"search_term_string"}}],"inLanguage":"fr-FR"},{"@type":"Person","@id":"https:\/\/www.digitalbath.fr\/blog\/#\/schema\/person\/3a49715e3c09696962cd0c44dbdf0f4c","name":"Digital Bath","image":{"@type":"ImageObject","inLanguage":"fr-FR","@id":"https:\/\/secure.gravatar.com\/avatar\/16a90bc7d902de32b5e187210e3483f28fc009e6655eed5bdb0e0561828c21ef?s=96&d=mm&r=g","url":"https:\/\/secure.gravatar.com\/avatar\/16a90bc7d902de32b5e187210e3483f28fc009e6655eed5bdb0e0561828c21ef?s=96&d=mm&r=g","contentUrl":"https:\/\/secure.gravatar.com\/avatar\/16a90bc7d902de32b5e187210e3483f28fc009e6655eed5bdb0e0561828c21ef?s=96&d=mm&r=g","caption":"Digital Bath"},"url":"https:\/\/www.digitalbath.fr\/blog\/author\/adminms\/"}]}},"amp_enabled":true,"_links":{"self":[{"href":"https:\/\/www.digitalbath.fr\/blog\/wp-json\/wp\/v2\/posts\/363","targetHints":{"allow":["GET"]}}],"collection":[{"href":"https:\/\/www.digitalbath.fr\/blog\/wp-json\/wp\/v2\/posts"}],"about":[{"href":"https:\/\/www.digitalbath.fr\/blog\/wp-json\/wp\/v2\/types\/post"}],"author":[{"embeddable":true,"href":"https:\/\/www.digitalbath.fr\/blog\/wp-json\/wp\/v2\/users\/1"}],"replies":[{"embeddable":true,"href":"https:\/\/www.digitalbath.fr\/blog\/wp-json\/wp\/v2\/comments?post=363"}],"version-history":[{"count":4,"href":"https:\/\/www.digitalbath.fr\/blog\/wp-json\/wp\/v2\/posts\/363\/revisions"}],"predecessor-version":[{"id":467,"href":"https:\/\/www.digitalbath.fr\/blog\/wp-json\/wp\/v2\/posts\/363\/revisions\/467"}],"wp:featuredmedia":[{"embeddable":true,"href":"https:\/\/www.digitalbath.fr\/blog\/wp-json\/wp\/v2\/media\/364"}],"wp:attachment":[{"href":"https:\/\/www.digitalbath.fr\/blog\/wp-json\/wp\/v2\/media?parent=363"}],"wp:term":[{"taxonomy":"category","embeddable":true,"href":"https:\/\/www.digitalbath.fr\/blog\/wp-json\/wp\/v2\/categories?post=363"},{"taxonomy":"post_tag","embeddable":true,"href":"https:\/\/www.digitalbath.fr\/blog\/wp-json\/wp\/v2\/tags?post=363"}],"curies":[{"name":"wp","href":"https:\/\/api.w.org\/{rel}","templated":true}]}}